



{"id":1784,"date":"2024-09-02T15:34:32","date_gmt":"2024-09-02T13:34:32","guid":{"rendered":"https:\/\/biodistrettodirpinia.it\/bio\/?p=1784"},"modified":"2024-09-03T15:36:46","modified_gmt":"2024-09-03T13:36:46","slug":"ariano-biofestival-dirpinia-il-network-che-seduce-il-visitatore-napoli-zon","status":"publish","type":"post","link":"https:\/\/biodistrettodirpinia.it\/bio\/2024\/09\/02\/ariano-biofestival-dirpinia-il-network-che-seduce-il-visitatore-napoli-zon\/","title":{"rendered":"Ariano Biofestival d\u2019Irpinia il network che seduce il visitatore &#8211; Napoli.Zon"},"content":{"rendered":"\t\t<div data-elementor-type=\"wp-post\" data-elementor-id=\"1784\" class=\"elementor elementor-1784\" data-elementor-post-type=\"post\">\n\t\t\t\t<div class=\"elementor-element elementor-element-d244e27 e-flex e-con-boxed e-con e-parent\" data-id=\"d244e27\" data-element_type=\"container\" data-settings=\"{&quot;background_background&quot;:&quot;classic&quot;}\">\n\t\t\t\t\t<div class=\"e-con-inner\">\n\t\t\t\t<div class=\"elementor-element elementor-element-f9fca4f elementor-widget elementor-widget-heading\" data-id=\"f9fca4f\" data-element_type=\"widget\" data-widget_type=\"heading.default\">\n\t\t\t\t<div class=\"elementor-widget-container\">\n\t\t\t<style>\/*! elementor - v3.23.0 - 05-08-2024 *\/\n.elementor-heading-title{padding:0;margin:0;line-height:1}.elementor-widget-heading .elementor-heading-title[class*=elementor-size-]>a{color:inherit;font-size:inherit;line-height:inherit}.elementor-widget-heading .elementor-heading-title.elementor-size-small{font-size:15px}.elementor-widget-heading .elementor-heading-title.elementor-size-medium{font-size:19px}.elementor-widget-heading .elementor-heading-title.elementor-size-large{font-size:29px}.elementor-widget-heading .elementor-heading-title.elementor-size-xl{font-size:39px}.elementor-widget-heading .elementor-heading-title.elementor-size-xxl{font-size:59px}<\/style><h6 class=\"elementor-heading-title elementor-size-default\">ARTICOLI E NEWS<\/h6>\t\t<\/div>\n\t\t\t\t<\/div>\n\t\t\t\t<div class=\"elementor-element elementor-element-f3ed69b elementor-widget elementor-widget-heading\" data-id=\"f3ed69b\" data-element_type=\"widget\" data-widget_type=\"heading.default\">\n\t\t\t\t<div class=\"elementor-widget-container\">\n\t\t\t<h2 class=\"elementor-heading-title elementor-size-default\">Parlano di noi<\/h2>\t\t<\/div>\n\t\t\t\t<\/div>\n\t\t\t\t\t<\/div>\n\t\t\t\t<\/div>\n\t\t<div class=\"elementor-element elementor-element-1396aa65 e-flex e-con-boxed e-con e-parent\" data-id=\"1396aa65\" data-element_type=\"container\">\n\t\t\t\t\t<div class=\"e-con-inner\">\n\t\t<div class=\"elementor-element elementor-element-14a1bc16 e-con-full e-flex e-con e-child\" data-id=\"14a1bc16\" data-element_type=\"container\" data-settings=\"{&quot;background_background&quot;:&quot;classic&quot;}\">\n\t\t<div class=\"elementor-element elementor-element-6ceaa48 e-con-full e-flex e-con e-child\" data-id=\"6ceaa48\" data-element_type=\"container\">\n\t\t<div class=\"elementor-element elementor-element-613ca2ba e-con-full e-flex e-con e-child\" data-id=\"613ca2ba\" data-element_type=\"container\">\n\t\t\t\t<div class=\"elementor-element elementor-element-63359ef7 elementor-widget elementor-widget-image\" data-id=\"63359ef7\" data-element_type=\"widget\" data-widget_type=\"image.default\">\n\t\t\t\t<div class=\"elementor-widget-container\">\n\t\t\t<style>\/*! elementor - v3.23.0 - 05-08-2024 *\/\n.elementor-widget-image{text-align:center}.elementor-widget-image a{display:inline-block}.elementor-widget-image a img[src$=\".svg\"]{width:48px}.elementor-widget-image img{vertical-align:middle;display:inline-block}<\/style>\t\t\t\t\t\t\t\t\t\t<img fetchpriority=\"high\" decoding=\"async\" width=\"1280\" height=\"851\" src=\"https:\/\/biodistrettodirpinia.it\/bio\/wp-content\/uploads\/2024\/08\/Villa_Comunale_Ariano-Irpino.jpg\" class=\"attachment-full size-full wp-image-742\" alt=\"\" srcset=\"https:\/\/biodistrettodirpinia.it\/bio\/wp-content\/uploads\/2024\/08\/Villa_Comunale_Ariano-Irpino.jpg 1280w, https:\/\/biodistrettodirpinia.it\/bio\/wp-content\/uploads\/2024\/08\/Villa_Comunale_Ariano-Irpino-600x399.jpg 600w, https:\/\/biodistrettodirpinia.it\/bio\/wp-content\/uploads\/2024\/08\/Villa_Comunale_Ariano-Irpino-300x199.jpg 300w, https:\/\/biodistrettodirpinia.it\/bio\/wp-content\/uploads\/2024\/08\/Villa_Comunale_Ariano-Irpino-1024x681.jpg 1024w, https:\/\/biodistrettodirpinia.it\/bio\/wp-content\/uploads\/2024\/08\/Villa_Comunale_Ariano-Irpino-768x511.jpg 768w\" sizes=\"(max-width: 1280px) 100vw, 1280px\" \/>\t\t\t\t\t\t\t\t\t\t\t\t\t<\/div>\n\t\t\t\t<\/div>\n\t\t\t\t<div class=\"elementor-element elementor-element-8bcb1c0 elementor-icon-list--layout-inline elementor-align-center elementor-list-item-link-full_width elementor-widget elementor-widget-icon-list\" data-id=\"8bcb1c0\" data-element_type=\"widget\" data-widget_type=\"icon-list.default\">\n\t\t\t\t<div class=\"elementor-widget-container\">\n\t\t\t<link rel=\"stylesheet\" href=\"https:\/\/biodistrettodirpinia.it\/bio\/wp-content\/plugins\/elementor\/assets\/css\/widget-icon-list.min.css\">\t\t<ul class=\"elementor-icon-list-items elementor-inline-items\">\n\t\t\t\t\t\t\t<li class=\"elementor-icon-list-item elementor-inline-item\">\n\t\t\t\t\t\t\t\t\t\t\t<span class=\"elementor-icon-list-icon\">\n\t\t\t\t\t\t\t<svg aria-hidden=\"true\" class=\"e-font-icon-svg e-fas-clock\" viewBox=\"0 0 512 512\" xmlns=\"http:\/\/www.w3.org\/2000\/svg\"><path d=\"M256,8C119,8,8,119,8,256S119,504,256,504,504,393,504,256,393,8,256,8Zm92.49,313h0l-20,25a16,16,0,0,1-22.49,2.5h0l-67-49.72a40,40,0,0,1-15-31.23V112a16,16,0,0,1,16-16h32a16,16,0,0,1,16,16V256l58,42.5A16,16,0,0,1,348.49,321Z\"><\/path><\/svg>\t\t\t\t\t\t<\/span>\n\t\t\t\t\t\t\t\t\t\t<span class=\"elementor-icon-list-text\">2024\/09\/02<\/span>\n\t\t\t\t\t\t\t\t\t<\/li>\n\t\t\t\t\t\t<\/ul>\n\t\t\t\t<\/div>\n\t\t\t\t<\/div>\n\t\t\t\t<div class=\"elementor-element elementor-element-315a8583 elementor-widget elementor-widget-heading\" data-id=\"315a8583\" data-element_type=\"widget\" data-widget_type=\"heading.default\">\n\t\t\t\t<div class=\"elementor-widget-container\">\n\t\t\t<style>\/*! elementor - v3.23.0 - 05-08-2024 *\/\n.elementor-heading-title{padding:0;margin:0;line-height:1}.elementor-widget-heading .elementor-heading-title[class*=elementor-size-]>a{color:inherit;font-size:inherit;line-height:inherit}.elementor-widget-heading .elementor-heading-title.elementor-size-small{font-size:15px}.elementor-widget-heading .elementor-heading-title.elementor-size-medium{font-size:19px}.elementor-widget-heading .elementor-heading-title.elementor-size-large{font-size:29px}.elementor-widget-heading .elementor-heading-title.elementor-size-xl{font-size:39px}.elementor-widget-heading .elementor-heading-title.elementor-size-xxl{font-size:59px}<\/style><h3 class=\"elementor-heading-title elementor-size-default\">Ariano Biofestival d\u2019Irpinia il network che seduce il visitatore &#8211; Napoli.Zon<\/h3>\t\t<\/div>\n\t\t\t\t<\/div>\n\t\t\t\t<div class=\"elementor-element elementor-element-357d14ea elementor-widget elementor-widget-text-editor\" data-id=\"357d14ea\" data-element_type=\"widget\" data-widget_type=\"text-editor.default\">\n\t\t\t\t<div class=\"elementor-widget-container\">\n\t\t\t<style>\/*! elementor - v3.23.0 - 05-08-2024 *\/\n.elementor-widget-text-editor.elementor-drop-cap-view-stacked .elementor-drop-cap{background-color:#69727d;color:#fff}.elementor-widget-text-editor.elementor-drop-cap-view-framed .elementor-drop-cap{color:#69727d;border:3px solid;background-color:transparent}.elementor-widget-text-editor:not(.elementor-drop-cap-view-default) .elementor-drop-cap{margin-top:8px}.elementor-widget-text-editor:not(.elementor-drop-cap-view-default) .elementor-drop-cap-letter{width:1em;height:1em}.elementor-widget-text-editor .elementor-drop-cap{float:left;text-align:center;line-height:1;font-size:50px}.elementor-widget-text-editor .elementor-drop-cap-letter{display:inline-block}<\/style>\t\t\t\t<p>Tre giorni di esposizioni, degustazioni e approfondimenti organizzati dal Biodistretto d\u2019Irpinia<\/p>\t\t\t\t\t\t<\/div>\n\t\t\t\t<\/div>\n\t\t\t\t<\/div>\n\t\t\t\t<\/div>\n\t\t\t\t<div class=\"elementor-element elementor-element-3ce912e1 elementor-widget elementor-widget-text-editor\" data-id=\"3ce912e1\" data-element_type=\"widget\" data-widget_type=\"text-editor.default\">\n\t\t\t\t<div class=\"elementor-widget-container\">\n\t\t\t\t\t\t\t<p><strong>Ariano Biofestival d\u2019Irpinia<\/strong>\u00a0si propone, per la sua 2^ edizione, con un network creato dai comuni irpini per presentare le proprie eccellenze e prodotti tipici del territorio: vini, olio, grani antichi, cucina del territorio e non solo.<\/p><p>Si potr\u00e0 assistere ad una variegata\u00a0<strong>esposizione di prodotti biologici, e fruire di degustazioni guidate e seminari, selezioni di vini e di proposte gastronomiche declinate in men\u00f9 degustazione e singoli piatti<\/strong>. Gli Chef che parteciperanno sono tutti promotori di una cucina ricercata, concreta e sostenibile e attenti alla selezione delle materie prime. Tra i ristoranti saranno presenti\u00a0<strong>Maeba Restaurant (Ariano Irpino) \u2013\u00a0 1 Stella Michelin -, Osteria dei Briganti (Scampitella), Antica Trattoria Di Pietro (Melito Irpino), La Pignata e Trattoria I Due Nani (Ariano Irpino)<\/strong>. Inoltre, il\u00a0<strong>pastificio Armando\u00a0<\/strong>proporr\u00e0 un primo piatto diverso ogni sera.<\/p><h2>Ariano Biofestival d\u2019Irpinia \u2013 Gli orari<\/h2><p>La manifestazione si svolger\u00e0 con una\u00a0<em>mostra-mercato<\/em>\u00a0di prodotti di aziende irpine dalle 8.30 fino alle 20.30. In tutti e tre i giorni dalle 17.30 alle 19.30 sar\u00e0 disponibile un\u00a0<em>aperitivo<\/em>\u00a0a cura di\u00a0<em>Plaza Caf\u00e8<\/em>\u00a0e una proposta di\u00a0 salumi e formaggi selezione del\u00a0<em>Biodistretto<\/em>. Dalle 20 verranno aperti i\u00a0<em>banchi di assaggio\u00a0<\/em>che vedranno alternarsi differenti chef. Ogni sera sar\u00e0 possibile acquistare i piatti singoli al costo di 8 euro o un men\u00f9 degustazione composto da tre piatti, due a scelta ed in pi\u00f9 il piatto\u00a0<em>Armando\u00a0<\/em>della serata, al costo di 20 euro. Saranno sempre disponibili, inoltre, delle portate gluten free sia salate che dolci. Per la domenica a pranzo \u00e8 previsto uno show cooking dedicato alla dieta mediterranea e organizzato dal Consorzio Gal Irpinia. Diverse le proposte musicali per ciascuna giornata: saranno presenti, infatti,\u00a0<em>Buglione<\/em>\u00a0<em>Music Selecta<\/em>,\u00a0<em>Deep Blues Band<\/em>,\u00a0<em>Folco Sbaglio e Le Ore Perdute<\/em>,\u00a0<em>Francesco Moscatelli\/Shistonero<\/em>,\u00a0<em>Luca Roseto Quartet<\/em>\u00a0e\u00a0<em>Umberto Finelli Dj<\/em>.\u00a0<\/p><p>La manifestazione avr\u00e0 luogo ad\u00a0<strong>Ariano Irpino all\u2019interno della Villa Comunale<\/strong>, da sempre attrazione per i residenti ed i turisti in visita e che, sita sul pi\u00f9 alto dei tre colli, domina la citt\u00e0 e si sviluppa attorno al Castello Normanno.<\/p><p>Tanti produttori e ristoratori irpini dei\u00a0<strong>Comuni di Ariano Irpino, Melito Irpino, Gesualdo, Atripalda, Sturno<\/strong>\u00a0saranno presenti alla manifestazione settembrina. Tra i partecipanti non solo irpini ma anche qualche presenza della vicina Puglia.<\/p><h2 id=\"h-ariano-biofestival-d-irpinia-la-manifestazione\">Ariano Biofestival d\u2019Irpinia \u2013 La manifestazione<\/h2><p><strong>Ariano Biofestival d\u2019Irpinia si svolger\u00e0 dal 13 al 15 settembre 2024\u00a0<\/strong>presso la Villa Comunale di Ariano Irpino. Tre giorni di esposizioni, degustazioni e approfondimenti organizzati dal\u00a0<strong>Biodistretto d\u2019Irpinia\u00a0<\/strong>in collaborazione con il\u00a0<strong><em>Comune di Ariano Irpino<\/em>,\u00a0<\/strong>del\u00a0<strong><em>Gal Irpinia<\/em><\/strong>\u00a0e della<strong><em>Regione Campania\u00a0<\/em><\/strong>e con il\u00a0<strong><em>Patrocinio<\/em><\/strong>\u00a0di<strong><em>\u00a0Regione Campania, Provincia di Avellino, Camera di Commercio Irpinia-Sannio, Comunit\u00e0 Montana dell\u2019Ufita.<\/em><\/strong><\/p><p>L\u2019obiettivo \u00e8 valorizzare le eccellenze del territorio, offrire uno spazio di condivisione ai produttori locali \u2013 ambasciatori di un\u2019agricoltura sostenibile \u2013 e incoraggiare il turismo enogastronomico delle aree interne.<\/p>\t\t\t\t\t\t<\/div>\n\t\t\t\t<\/div>\n\t\t\t\t<div class=\"elementor-element elementor-element-0747112 elementor-widget elementor-widget-text-editor\" data-id=\"0747112\" data-element_type=\"widget\" data-widget_type=\"text-editor.default\">\n\t\t\t\t<div class=\"elementor-widget-container\">\n\t\t\t\t\t\t\t<p>continua&#8230;<\/p>\t\t\t\t\t\t<\/div>\n\t\t\t\t<\/div>\n\t\t\t\t<div class=\"elementor-element elementor-element-6f94c8b9 elementor-widget-divider--view-line elementor-widget elementor-widget-divider\" data-id=\"6f94c8b9\" data-element_type=\"widget\" data-widget_type=\"divider.default\">\n\t\t\t\t<div class=\"elementor-widget-container\">\n\t\t\t<style>\/*! elementor - v3.23.0 - 05-08-2024 *\/\n.elementor-widget-divider{--divider-border-style:none;--divider-border-width:1px;--divider-color:#0c0d0e;--divider-icon-size:20px;--divider-element-spacing:10px;--divider-pattern-height:24px;--divider-pattern-size:20px;--divider-pattern-url:none;--divider-pattern-repeat:repeat-x}.elementor-widget-divider .elementor-divider{display:flex}.elementor-widget-divider .elementor-divider__text{font-size:15px;line-height:1;max-width:95%}.elementor-widget-divider .elementor-divider__element{margin:0 var(--divider-element-spacing);flex-shrink:0}.elementor-widget-divider .elementor-icon{font-size:var(--divider-icon-size)}.elementor-widget-divider .elementor-divider-separator{display:flex;margin:0;direction:ltr}.elementor-widget-divider--view-line_icon .elementor-divider-separator,.elementor-widget-divider--view-line_text .elementor-divider-separator{align-items:center}.elementor-widget-divider--view-line_icon .elementor-divider-separator:after,.elementor-widget-divider--view-line_icon .elementor-divider-separator:before,.elementor-widget-divider--view-line_text .elementor-divider-separator:after,.elementor-widget-divider--view-line_text .elementor-divider-separator:before{display:block;content:\"\";border-block-end:0;flex-grow:1;border-block-start:var(--divider-border-width) var(--divider-border-style) var(--divider-color)}.elementor-widget-divider--element-align-left .elementor-divider .elementor-divider-separator>.elementor-divider__svg:first-of-type{flex-grow:0;flex-shrink:100}.elementor-widget-divider--element-align-left .elementor-divider-separator:before{content:none}.elementor-widget-divider--element-align-left .elementor-divider__element{margin-left:0}.elementor-widget-divider--element-align-right .elementor-divider .elementor-divider-separator>.elementor-divider__svg:last-of-type{flex-grow:0;flex-shrink:100}.elementor-widget-divider--element-align-right .elementor-divider-separator:after{content:none}.elementor-widget-divider--element-align-right .elementor-divider__element{margin-right:0}.elementor-widget-divider--element-align-start .elementor-divider .elementor-divider-separator>.elementor-divider__svg:first-of-type{flex-grow:0;flex-shrink:100}.elementor-widget-divider--element-align-start .elementor-divider-separator:before{content:none}.elementor-widget-divider--element-align-start .elementor-divider__element{margin-inline-start:0}.elementor-widget-divider--element-align-end .elementor-divider .elementor-divider-separator>.elementor-divider__svg:last-of-type{flex-grow:0;flex-shrink:100}.elementor-widget-divider--element-align-end .elementor-divider-separator:after{content:none}.elementor-widget-divider--element-align-end .elementor-divider__element{margin-inline-end:0}.elementor-widget-divider:not(.elementor-widget-divider--view-line_text):not(.elementor-widget-divider--view-line_icon) .elementor-divider-separator{border-block-start:var(--divider-border-width) var(--divider-border-style) var(--divider-color)}.elementor-widget-divider--separator-type-pattern{--divider-border-style:none}.elementor-widget-divider--separator-type-pattern.elementor-widget-divider--view-line .elementor-divider-separator,.elementor-widget-divider--separator-type-pattern:not(.elementor-widget-divider--view-line) .elementor-divider-separator:after,.elementor-widget-divider--separator-type-pattern:not(.elementor-widget-divider--view-line) .elementor-divider-separator:before,.elementor-widget-divider--separator-type-pattern:not([class*=elementor-widget-divider--view]) .elementor-divider-separator{width:100%;min-height:var(--divider-pattern-height);-webkit-mask-size:var(--divider-pattern-size) 100%;mask-size:var(--divider-pattern-size) 100%;-webkit-mask-repeat:var(--divider-pattern-repeat);mask-repeat:var(--divider-pattern-repeat);background-color:var(--divider-color);-webkit-mask-image:var(--divider-pattern-url);mask-image:var(--divider-pattern-url)}.elementor-widget-divider--no-spacing{--divider-pattern-size:auto}.elementor-widget-divider--bg-round{--divider-pattern-repeat:round}.rtl .elementor-widget-divider .elementor-divider__text{direction:rtl}.e-con-inner>.elementor-widget-divider,.e-con>.elementor-widget-divider{width:var(--container-widget-width,100%);--flex-grow:var(--container-widget-flex-grow)}<\/style>\t\t<div class=\"elementor-divider\">\n\t\t\t<span class=\"elementor-divider-separator\">\n\t\t\t\t\t\t<\/span>\n\t\t<\/div>\n\t\t\t\t<\/div>\n\t\t\t\t<\/div>\n\t\t\t\t<div class=\"elementor-element elementor-element-6a66132 elementor-widget elementor-widget-text-editor\" data-id=\"6a66132\" data-element_type=\"widget\" data-widget_type=\"text-editor.default\">\n\t\t\t\t<div class=\"elementor-widget-container\">\n\t\t\t\t\t\t\t<p><a href=\"https:\/\/www.orticalab.it\/Ariano-Biofestival-d-Irpinia-Dal-13-al-15-settembre-la-seconda-edizione\">Articolo <\/a>di Napoli.zon.it<\/p>\t\t\t\t\t\t<\/div>\n\t\t\t\t<\/div>\n\t\t\t\t<\/div>\n\t\t\t\t\t<\/div>\n\t\t\t\t<\/div>\n\t\t\t\t<\/div>\n\t\t","protected":false},"excerpt":{"rendered":"<p>ARTICOLI E NEWS Parlano di noi 2024\/09\/02 Tre giorni di esposizioni, degustazioni e approfondimenti organizzati dal Biodistretto d\u2019Irpinia Ariano Biofestival d\u2019Irpinia\u00a0si propone, per la sua 2^ edizione, con un network creato dai comuni irpini per presentare le proprie eccellenze e prodotti tipici del territorio: vini, olio, grani antichi, cucina del territorio e non solo. Si [&hellip;]<\/p>\n","protected":false},"author":1,"featured_media":0,"comment_status":"open","ping_status":"open","sticky":false,"template":"elementor_header_footer","format":"standard","meta":{"_eb_attr":"","footnotes":""},"categories":[1],"tags":[],"table_tags":[],"class_list":["post-1784","post","type-post","status-publish","format-standard","hentry","category-parlano-di-noi-abfi24"],"_links":{"self":[{"href":"https:\/\/biodistrettodirpinia.it\/bio\/wp-json\/wp\/v2\/posts\/1784","targetHints":{"allow":["GET"]}}],"collection":[{"href":"https:\/\/biodistrettodirpinia.it\/bio\/wp-json\/wp\/v2\/posts"}],"about":[{"href":"https:\/\/biodistrettodirpinia.it\/bio\/wp-json\/wp\/v2\/types\/post"}],"author":[{"embeddable":true,"href":"https:\/\/biodistrettodirpinia.it\/bio\/wp-json\/wp\/v2\/users\/1"}],"replies":[{"embeddable":true,"href":"https:\/\/biodistrettodirpinia.it\/bio\/wp-json\/wp\/v2\/comments?post=1784"}],"version-history":[{"count":4,"href":"https:\/\/biodistrettodirpinia.it\/bio\/wp-json\/wp\/v2\/posts\/1784\/revisions"}],"predecessor-version":[{"id":1788,"href":"https:\/\/biodistrettodirpinia.it\/bio\/wp-json\/wp\/v2\/posts\/1784\/revisions\/1788"}],"wp:attachment":[{"href":"https:\/\/biodistrettodirpinia.it\/bio\/wp-json\/wp\/v2\/media?parent=1784"}],"wp:term":[{"taxonomy":"category","embeddable":true,"href":"https:\/\/biodistrettodirpinia.it\/bio\/wp-json\/wp\/v2\/categories?post=1784"},{"taxonomy":"post_tag","embeddable":true,"href":"https:\/\/biodistrettodirpinia.it\/bio\/wp-json\/wp\/v2\/tags?post=1784"},{"taxonomy":"table_tags","embeddable":true,"href":"https:\/\/biodistrettodirpinia.it\/bio\/wp-json\/wp\/v2\/table_tags?post=1784"}],"curies":[{"name":"wp","href":"https:\/\/api.w.org\/{rel}","templated":true}]}}