{"id":5151,"date":"2025-09-03T08:38:53","date_gmt":"2025-09-03T06:38:53","guid":{"rendered":"https:\/\/biodistrettodirpinia.it\/bio\/?p=5151"},"modified":"2025-09-04T17:16:12","modified_gmt":"2025-09-04T15:16:12","slug":"dall11-al-14-settembre-torna-lariano-biofestival-dirpinia","status":"publish","type":"post","link":"https:\/\/biodistrettodirpinia.it\/bio\/2025\/09\/03\/dall11-al-14-settembre-torna-lariano-biofestival-dirpinia\/","title":{"rendered":"Dall&#8217;11 al 14 settembre torna l&#8217;Ariano Biofestival d&#8217;Irpinia"},"content":{"rendered":"\n<hr class=\"wp-block-separator has-alpha-channel-opacity\"\/>\n\n\n\n<h3 class=\"wp-block-heading\">La\u00a0Villa Comunale di Ariano Irpino (Avellino) si prepara ad accogliere la terza edizione dell&#8217;evento che celebra\u00a0il territorio, il biologico e le eccellenze dell\u2019enogastronomia irpina<\/h3>\n\n\n\n<p>La Villa Comunale di Ariano Irpino si prepara ad accogliere, dall\u2019<strong>11 al 14 settembre 2025<\/strong>, la terza edizione dell\u2019<a href=\"https:\/\/biodistrettodirpinia.it\/bio\/\" rel=\"noreferrer noopener\" target=\"_blank\">Ariano Biofestival d\u2019Irpinia<\/a>, il grande evento dedicato all\u2019agricoltura biologica, alla sostenibilit\u00e0 e alle eccellenze agroalimentari del territorio. Promosso dal&nbsp;<em>Biodistretto d\u2019Irpinia<\/em>&nbsp;in collaborazione con il Comune di Ariano Irpino, il GAL Irpinia, la Regione Campania e con il patrocinio della Provincia di Avellino, della Camera di Commercio Irpinia-Sannio e della Comunit\u00e0 Montana dell\u2019Ufita, il festival si conferma un appuntamento centrale per la promozione culturale e turistica dell\u2019Irpinia.<\/p>\n\n\n\n<p>Quattro giorni di mercatini, degustazioni, incontri e spettacoli, con un programma pensato per coinvolgere produttori, istituzioni, cittadini e visitatori in un&#8217;esperienza immersiva all\u2019insegna del gusto, della sostenibilit\u00e0 e della valorizzazione del patrimonio rurale irpino.<\/p>\n\n\n\n<p>Il Biodistretto d\u2019Irpinia, promotore dell\u2019iniziativa, \u00e8 un\u2019associazione che opera su scala provinciale per incentivare la transizione verso pratiche agricole sostenibili e biologiche, tutelare la biodiversit\u00e0 e generare un\u2019economia circolare e solidale. La visione che guida le sue attivit\u00e0 si fonda su un modello di sviluppo integrato e partecipativo, che coinvolge istituzioni, imprese agricole, cittadini e attori culturali, con l\u2019obiettivo di valorizzare le risorse naturali e culturali dell\u2019Irpinia e contrastare fenomeni come lo spopolamento e la perdita di saperi tradizionali.<\/p>\n\n\n\n<figure class=\"wp-block-image\"><img decoding=\"async\" src=\"https:\/\/www.identitagolose.it\/public\/images\/xmedium\/foto-biofestival-1.jpg\" alt=\"\"\/><\/figure>\n\n\n\n<p>Il festival si apre gioved\u00ec 11 settembre con un esclusivo&nbsp;<em>Pre Party<\/em>, in collaborazione con&nbsp;<em>Exclusive Group<\/em>, presso la Pineta della Villa Comunale, tra degustazioni raffinate, vini selezionati, drink premium e sonorit\u00e0 d\u2019autore a cura di&nbsp;<strong>Ameriko DJ<\/strong>&nbsp;con lo special guest&nbsp;<strong>Ciccio Merola<\/strong>. Un prologo dal forte impatto emozionale, pensato per inaugurare il festival con eleganza e spirito conviviale.<\/p>\n\n\n\n<p>Nei tre giorni successivi, il Viale dei Platani della Villa Comunale si trasformer\u00e0 in un raffinato percorso del gusto grazie ai Mercatini Bio, dove i produttori locali presenteranno il meglio della produzione agricola e artigianale irpina. Un\u2019occasione per incontrare chi coltiva, trasforma e conserva i saperi della terra, offrendo al pubblico un\u2019esperienza sensoriale autentica e immersiva, tra ortaggi appena colti, conserve, olio extravergine Ravece biologico, salumi e formaggi del territorio.<\/p>\n\n\n\n<p>Ogni giornata sar\u00e0 arricchita da momenti d\u2019eccellenza culinaria, da stand gastronomici e da un corner dedicato alla mescita dei vini naturali a cura di<em>&nbsp;ENORME<\/em>&nbsp;e<em>Vineria La Posta<\/em>. Venerd\u00ec 12 settembre, la cena ufficiale di apertura vedr\u00e0 protagonisti tre interpreti di rilievo della ristorazione del Sud Italia:&nbsp;<strong>Peppe Zullo<\/strong>&nbsp;(Osteria Slow Food \u2013 Orsara di Puglia),&nbsp;<em>Trattoria Valleverde Zi Pasqualina<\/em>&nbsp;(Atripalda) e&nbsp;<em>Agriturismo Regio Tratturo<\/em>&nbsp;(Ariano Irpino). L\u2019esperienza sar\u00e0 accompagnata da una performance artistica del duo&nbsp;<strong>Aldol\u00e1 Chival\u00e1<\/strong>, in un connubio coinvolgente tra musica elettronica, poesia orale e cucina d\u2019autore.<\/p>\n\n\n\n<p>Sabato 13 settembre il programma prosegue con un pranzo firmato da&nbsp;<em>Ristorante Biffy<\/em>&nbsp;(Ariano Irpino), dallo chef&nbsp;<strong>Vincenzo Vazza&nbsp;<\/strong>(<em>N\u2019ataluna<\/em>&nbsp;\u2013 Grottaminarda) e dalla chef&nbsp;<strong>Valentina Martone<\/strong>&nbsp;(<em>Megaron<\/em>&nbsp;\u2013 Paternopoli), accompagnato da una selezione enologica curata dal&nbsp;<em>Biodistretto d\u2019Irpinia<\/em>&nbsp;e dalla&nbsp;<em>Vineria La Posta<\/em>. Nel pomeriggio, il BioTalk \u2013 a cura della giornalista&nbsp;<strong>Rosa Iandiorio<\/strong>&nbsp;\u2013 offrir\u00e0 un\u2019occasione di approfondimento sul presente e futuro dell\u2019agricoltura biologica attraverso le testimonianze di produttori, chef, artigiani e attori del territorio. La giornata si concluder\u00e0 con una cena sotto le stelle firmata da&nbsp;<em>Osteria dei Briganti<\/em>&nbsp;(Scampitella),&nbsp;<em>La Corte dei Filangieri&nbsp;<\/em>(Candida) e&nbsp;<em>La Pignata 2.zero<\/em>&nbsp;(Ariano Irpino), accompagnata da degustazioni itineranti, vini naturali e birre biologiche tedesche.<\/p>\n\n\n\n<p>Domenica 14 settembre si chiuder\u00e0 in grande stile con un pranzo d\u2019eccezione curato da un quartetto di alto profilo: lo chef stellato<strong>&nbsp;Salvatore Ciccarelli<\/strong>&nbsp;(Maeba Restaurant \u2013 Ariano Irpino), lo chef&nbsp;<strong>Ezio Ventre<\/strong>&nbsp;(La Pignata \u2013 Bib Gourmand Michelin), e lo chef<strong>Diego Guglielminetti&nbsp;<\/strong>(Ristorante Il Mulino della Signora di Sturno), per un men\u00f9 degustazione che celebra la cucina evolutiva e la materia prima di qualit\u00e0. A seguire, l\u2019energia del trio rockabilly Stragatti e di VinylGiampy accompagner\u00e0 l\u2019Apericena Bio, tra specialit\u00e0 street food biologiche e convivialit\u00e0 all\u2019aperto fino al tramonto.<\/p>\n\n\n\n<figure class=\"wp-block-image\"><img decoding=\"async\" src=\"https:\/\/www.identitagolose.it\/public\/images\/xmedium\/1000236220.jpg\" alt=\"\"\/><\/figure>\n\n\n\n<p>Tutti i menu degustazione sono disponibili in prevendita sul sito ufficiale<a href=\"https:\/\/biodistrettodirpinia.it\/bio\/\" rel=\"noreferrer noopener\" target=\"_blank\">www.biodistrettodirpinia.it<\/a>, con posti limitati per ciascun evento gastronomico.<\/p>\n\n\n\n<p>Ogni giorno, inoltre, sar\u00e0 possibile gustare le specialit\u00e0 proposte dagli stand enogastronomici presenti nei Mercatini Bio, acquistabili direttamente sul posto, per vivere liberamente il festival tra assaggi, profumi e incontri.<\/p>\n\n\n\n<p>L\u2019Ariano Biofestival d\u2019Irpinia si conferma cos\u00ec un appuntamento capace di coniugare etica e piacere, promozione culturale e innovazione gastronomica, offrendo uno sguardo contemporaneo su un territorio che ha scelto di costruire il proprio futuro valorizzando il proprio passato. Una manifestazione che unisce bellezza paesaggistica, autenticit\u00e0, relazioni umane e qualit\u00e0 della vita, in un format che si candida a diventare modello per le aree rurali italiane.<\/p>\n\n\n\n<p>Per il programma completo consultare il sito di&nbsp;<a href=\"https:\/\/biodistrettodirpinia.it\/bio\/\" rel=\"noreferrer noopener\" target=\"_blank\">Biodistretto d&#8217;Irpinia<\/a><\/p>\n\n\n\n<p>Articolo di <a href=\"https:\/\/www.identitagolose.it\/sito\/it\/112\/39967\/news\/dall11-al-14-settembre-torna-lariano-biofestival-dirpinia.html\">Identit\u00e0golose<\/a><\/p>\n\n\n\n<p><\/p>\n","protected":false},"excerpt":{"rendered":"<p>La\u00a0Villa Comunale di Ariano Irpino (Avellino) si prepara ad accogliere la terza edizione dell&#8217;evento che celebra\u00a0il territorio, il biologico e le eccellenze dell\u2019enogastronomia irpina La Villa Comunale di Ariano Irpino si prepara ad accogliere, dall\u201911 al 14 settembre 2025, la terza edizione dell\u2019Ariano Biofestival d\u2019Irpinia, il grande evento dedicato all\u2019agricoltura biologica, alla sostenibilit\u00e0 e alle [&hellip;]<\/p>\n","protected":false},"author":2,"featured_media":5519,"comment_status":"closed","ping_status":"closed","sticky":false,"template":"","format":"standard","meta":{"_eb_attr":"","footnotes":""},"categories":[36],"tags":[],"table_tags":[],"class_list":["post-5151","post","type-post","status-publish","format-standard","has-post-thumbnail","hentry","category-parlano-di-noi-abfi25"],"_links":{"self":[{"href":"https:\/\/biodistrettodirpinia.it\/bio\/wp-json\/wp\/v2\/posts\/5151","targetHints":{"allow":["GET"]}}],"collection":[{"href":"https:\/\/biodistrettodirpinia.it\/bio\/wp-json\/wp\/v2\/posts"}],"about":[{"href":"https:\/\/biodistrettodirpinia.it\/bio\/wp-json\/wp\/v2\/types\/post"}],"author":[{"embeddable":true,"href":"https:\/\/biodistrettodirpinia.it\/bio\/wp-json\/wp\/v2\/users\/2"}],"replies":[{"embeddable":true,"href":"https:\/\/biodistrettodirpinia.it\/bio\/wp-json\/wp\/v2\/comments?post=5151"}],"version-history":[{"count":1,"href":"https:\/\/biodistrettodirpinia.it\/bio\/wp-json\/wp\/v2\/posts\/5151\/revisions"}],"predecessor-version":[{"id":5152,"href":"https:\/\/biodistrettodirpinia.it\/bio\/wp-json\/wp\/v2\/posts\/5151\/revisions\/5152"}],"wp:featuredmedia":[{"embeddable":true,"href":"https:\/\/biodistrettodirpinia.it\/bio\/wp-json\/wp\/v2\/media\/5519"}],"wp:attachment":[{"href":"https:\/\/biodistrettodirpinia.it\/bio\/wp-json\/wp\/v2\/media?parent=5151"}],"wp:term":[{"taxonomy":"category","embeddable":true,"href":"https:\/\/biodistrettodirpinia.it\/bio\/wp-json\/wp\/v2\/categories?post=5151"},{"taxonomy":"post_tag","embeddable":true,"href":"https:\/\/biodistrettodirpinia.it\/bio\/wp-json\/wp\/v2\/tags?post=5151"},{"taxonomy":"table_tags","embeddable":true,"href":"https:\/\/biodistrettodirpinia.it\/bio\/wp-json\/wp\/v2\/table_tags?post=5151"}],"curies":[{"name":"wp","href":"https:\/\/api.w.org\/{rel}","templated":true}]}}