{"id":5741,"date":"2025-09-11T12:00:11","date_gmt":"2025-09-11T10:00:11","guid":{"rendered":"https:\/\/biodistrettodirpinia.it\/bio\/?p=5741"},"modified":"2025-09-11T12:00:11","modified_gmt":"2025-09-11T10:00:11","slug":"parte-lariano-biofestival-franza-il-biodistretto-una-scelta-culturale-che-mette-al-centro-la-salute-dei-cittadini","status":"publish","type":"post","link":"https:\/\/biodistrettodirpinia.it\/bio\/2025\/09\/11\/parte-lariano-biofestival-franza-il-biodistretto-una-scelta-culturale-che-mette-al-centro-la-salute-dei-cittadini\/","title":{"rendered":"Parte l\u2019Ariano Biofestival &#8211; Franza: &#8220;Il Biodistretto, una scelta culturale che mette al centro la salute dei cittadini &#8220;"},"content":{"rendered":"\n<p>Articolo di <a href=\"https:\/\/www.tusinatinitaly.it\/eventi\/parte-lariano-biofestival-franza-il-biodistretto-una-scelta-culturale-che-mette-al-centro-la-salute-dei-cittadini-\/58784\/184\">Tusinainitaly<\/a><\/p>\n\n\n\n<h4 class=\"wp-block-heading\">Si apre ufficialmente oggi, nella suggestiva cornice della&nbsp;Villa Comunale di Ariano Irpino,&nbsp;la terza edizione dell\u2019Ariano Biofestival d\u2019Irpinia, l\u2019appuntamento che celebra l\u2019agricoltura biologica, la sostenibilit\u00e0 e le eccellenze enogastronomiche del territorio. Cuore pulsante dell\u2019iniziativa \u00e8 il&nbsp;Biodistretto d\u2019Irpinia, promotore della manifestazione e protagonista di un progetto ambizioso e condiviso di rilancio rurale e rigenerazione culturale.<\/h4>\n\n\n\n<h4 class=\"wp-block-heading\">In apertura della prima giornata,&nbsp;il Sindaco di Ariano Irpino e Presidente del Biodistretto d\u2019Irpinia, Enrico Franza, ha voluto sottolineare l\u2019importanza strategica dell\u2019evento per il territorio e per il futuro delle comunit\u00e0 locali:<\/h4>\n\n\n\n<h4 class=\"wp-block-heading\">&nbsp;\u201cAriano Irpino conferma la sua vocazione alla sostenibilit\u00e0, all\u2019innovazione e alla valorizzazione delle filiere locali. Il Biofestival non \u00e8 solo un evento: \u00e8 una scelta culturale, economica e ambientale che mette al centro la salute dei cittadini, la qualit\u00e0 dei prodotti, la tutela del territorio e il futuro delle nostre comunit\u00e0.\u201d<\/h4>\n\n\n\n<h4 class=\"wp-block-heading\">Gli fa eco il coordinatore del Biofestival,&nbsp;Antonio Grasso&nbsp;che dichiara: &#8220;L\u2019Ariano Bio Festival nasce con l\u2019ambizione di avviare un dialogo concreto sul futuro possibile delle aree interne. Crediamo profondamente nel potenziale straordinario del nostro territorio, ma per valorizzarlo davvero \u00e8 necessaria una visione condivisa, capace di unire persone, esperienze e competenze.<\/h4>\n\n\n\n<h4 class=\"wp-block-heading\">Il Biofestival rappresenta il palcoscenico ideale per raccontare questa visione: quattro giornate dense di contenuti, che uniscono produttori biologici, chef di eccellenza, artigiani del gusto, esperti e cittadini in un dialogo fertile e generativo, tra mercatini, degustazioni, incontri, performance artistiche e momenti di alta cucina.<\/h4>\n\n\n\n<h4 class=\"wp-block-heading\">La giornata inaugurale si apre stasera con il&nbsp;Pre Party presso la Pineta della Villa Comunale, a cura di Exclusive Group, tra sonorit\u00e0 raffinate e selezioni enogastronomiche d\u2019autore.&nbsp;Un prologo evocativo, pensato per accogliere il pubblico in un contesto di bellezza, convivialit\u00e0 e consapevolezza.<\/h4>\n\n\n\n<h4 class=\"wp-block-heading\">Il Viale dei Platani, a partire da domani, si trasformer\u00e0&nbsp; nel centro della manifestazione,&nbsp;con 4 giorni all&#8217;insegna di Mercatini Bio, stand di eccellenze irpine, appuntamenti di cucina d&#8217;autore e spazi dedicati alla degustazione di vini naturali, birre biologiche e street food di qualit\u00e0.La giornalista&nbsp;Rosa Iandiorio&nbsp;guider\u00e0 un incontro dal vivo con le eccellenze dell\u2019Irpinia: produttori, chef, artigiani e protagonisti del mondo biologico.Attraverso interviste e racconti, il BioTalk offrir\u00e0 al pubblico un viaggio tra esperienze, visioni e sfide di chi ogni giorno custodisce e rinnova il patrimonio enogastronomico locale.Uno sguardo proiettato al futuro dell\u2019agricoltura e della cucina biologica, senza mai perdere il legame profondo con le radici, la terra e le tradizioni che rendono unica la nostra identit\u00e0<\/h4>\n\n\n\n<p><a href=\"https:\/\/www.eadv.it\/p\/adv.html?utm_source=eADVbanner&amp;utm_medium=Logobanner&amp;utm_content=Logobanner&amp;utm_campaign=Autopromo\" target=\"_blank\" rel=\"noreferrer noopener\"><\/a><\/p>\n\n\n\n<p><\/p>\n","protected":false},"excerpt":{"rendered":"<p>Articolo di Tusinainitaly Si apre ufficialmente oggi, nella suggestiva cornice della&nbsp;Villa Comunale di Ariano Irpino,&nbsp;la terza edizione dell\u2019Ariano Biofestival d\u2019Irpinia, l\u2019appuntamento che celebra l\u2019agricoltura biologica, la sostenibilit\u00e0 e le eccellenze enogastronomiche del territorio. Cuore pulsante dell\u2019iniziativa \u00e8 il&nbsp;Biodistretto d\u2019Irpinia, promotore della manifestazione e protagonista di un progetto ambizioso e condiviso di rilancio rurale e rigenerazione [&hellip;]<\/p>\n","protected":false},"author":2,"featured_media":5743,"comment_status":"closed","ping_status":"closed","sticky":false,"template":"","format":"standard","meta":{"_eb_attr":"","footnotes":""},"categories":[36],"tags":[],"table_tags":[],"class_list":["post-5741","post","type-post","status-publish","format-standard","has-post-thumbnail","hentry","category-parlano-di-noi-abfi25"],"_links":{"self":[{"href":"https:\/\/biodistrettodirpinia.it\/bio\/wp-json\/wp\/v2\/posts\/5741","targetHints":{"allow":["GET"]}}],"collection":[{"href":"https:\/\/biodistrettodirpinia.it\/bio\/wp-json\/wp\/v2\/posts"}],"about":[{"href":"https:\/\/biodistrettodirpinia.it\/bio\/wp-json\/wp\/v2\/types\/post"}],"author":[{"embeddable":true,"href":"https:\/\/biodistrettodirpinia.it\/bio\/wp-json\/wp\/v2\/users\/2"}],"replies":[{"embeddable":true,"href":"https:\/\/biodistrettodirpinia.it\/bio\/wp-json\/wp\/v2\/comments?post=5741"}],"version-history":[{"count":2,"href":"https:\/\/biodistrettodirpinia.it\/bio\/wp-json\/wp\/v2\/posts\/5741\/revisions"}],"predecessor-version":[{"id":5744,"href":"https:\/\/biodistrettodirpinia.it\/bio\/wp-json\/wp\/v2\/posts\/5741\/revisions\/5744"}],"wp:featuredmedia":[{"embeddable":true,"href":"https:\/\/biodistrettodirpinia.it\/bio\/wp-json\/wp\/v2\/media\/5743"}],"wp:attachment":[{"href":"https:\/\/biodistrettodirpinia.it\/bio\/wp-json\/wp\/v2\/media?parent=5741"}],"wp:term":[{"taxonomy":"category","embeddable":true,"href":"https:\/\/biodistrettodirpinia.it\/bio\/wp-json\/wp\/v2\/categories?post=5741"},{"taxonomy":"post_tag","embeddable":true,"href":"https:\/\/biodistrettodirpinia.it\/bio\/wp-json\/wp\/v2\/tags?post=5741"},{"taxonomy":"table_tags","embeddable":true,"href":"https:\/\/biodistrettodirpinia.it\/bio\/wp-json\/wp\/v2\/table_tags?post=5741"}],"curies":[{"name":"wp","href":"https:\/\/api.w.org\/{rel}","templated":true}]}}